{"id":5879,"date":"2026-09-04T14:16:34","date_gmt":"2026-09-04T14:16:34","guid":{"rendered":"https:\/\/home-you.com\/blog\/?p=5879"},"modified":"2026-09-02T14:21:30","modified_gmt":"2026-09-02T14:21:30","slug":"jak-urzadzic-przytulny-przedpokoj-na-jesien-pomysly-na-aranzacje","status":"publish","type":"post","link":"https:\/\/home-you.com\/blog\/jak-urzadzic-przytulny-przedpokoj-na-jesien-pomysly-na-aranzacje\/","title":{"rendered":"Jak urz\u0105dzi\u0107 przytulny przedpok\u00f3j na jesie\u0144? Pomys\u0142y na aran\u017cacj\u0119"},"content":{"rendered":"\n<figure class=\"wp-block-gallery has-nested-images columns-default is-cropped wp-block-gallery-1 is-layout-flex wp-block-gallery-is-layout-flex\">\n<figure class=\"wp-block-image size-large aiim-has-badge\"><img fetchpriority=\"high\" decoding=\"async\" width=\"1024\" height=\"768\" data-id=\"5886\" src=\"https:\/\/home-you.com\/blog\/wp-content\/uploads\/2026\/09\/jesienny-przedpokoj-1024x768.avif\" alt=\"\" class=\"wp-image-5886\" srcset=\"https:\/\/home-you.com\/blog\/wp-content\/uploads\/2026\/09\/jesienny-przedpokoj-1024x768.avif 1024w, https:\/\/home-you.com\/blog\/wp-content\/uploads\/2026\/09\/jesienny-przedpokoj-300x225.avif 300w, https:\/\/home-you.com\/blog\/wp-content\/uploads\/2026\/09\/jesienny-przedpokoj-768x576.avif 768w, https:\/\/home-you.com\/blog\/wp-content\/uploads\/2026\/09\/jesienny-przedpokoj.avif 1448w\" sizes=\"(max-width: 1024px) 100vw, 1024px\" \/><span class=\"aiim-badge aiim-pos-bottom-right aiim-style-light aiim-size-small\" role=\"note\" aria-label=\"AI-generated image\">AI-generated<\/span><\/figure>\n<\/figure>\n\n\n\n<p class=\"wp-block-paragraph\">Jesieni\u0105 najwi\u0119cej zamieszania robi nie liczba rzeczy, ale wilgo\u0107. Mokra kurtka trafia na wieszak, parasol kapie na pod\u0142og\u0119, a buty po spacerze potrzebuj\u0105 chwili, zanim schowasz je do szafki. Je\u015bli wszystko od razu znika za zamkni\u0119tymi frontami, \u0142atwo o nieprzyjemny zapach i wilgo\u0107 wewn\u0105trz mebli.<\/p>\n\n\n\n<p class=\"wp-block-paragraph\">Dlatego przed sezonem warto przygotowa\u0107 przedpok\u00f3j troch\u0119 inaczej ni\u017c latem. Zostaw miejsce, w kt\u00f3rym mokre rzeczy mog\u0105 najpierw wyschn\u0105\u0107, wybierz dodatki odporne na zabrudzenia i dopiero dalej zaplanuj dekoracje. Wtedy aran\u017cacja przedpokoju b\u0119dzie pasowa\u0142a do jesieni nie tylko wizualnie, ale te\u017c do tego, jak faktycznie korzystasz z tej przestrzeni.<\/p>\n\n\n\n<h2 class=\"wp-block-heading\">Jesienna aran\u017cacja przedpokoju \u2013 od czego zacz\u0105\u0107?<\/h2>\n\n\n\n<p class=\"wp-block-paragraph\">Dobrym patentem jest podzielenie wej\u015bcia na dwie ma\u0142e strefy. Tu\u017c przy drzwiach przygotuj miejsce na rzeczy mokre: wycieraczk\u0119, tac\u0119 pod buty i stojak na parasole. Kurtki po deszczu lepiej przez chwil\u0119 zostawi\u0107 na otwartym wieszaku, zamiast od razu chowa\u0107 je do szafy. Dopiero dalej ustaw rzeczy, kt\u00f3re maj\u0105 pozosta\u0107 suche \u2014 torby, czapki, szaliki czy obuwie na zmian\u0119.<\/p>\n\n\n\n<p class=\"wp-block-paragraph\">Je\u015bli masz ma\u0142y przedpok\u00f3j, wykorzystaj wysoko\u015b\u0107 \u015bciany. Dwa rz\u0119dy haczyk\u00f3w cz\u0119sto sprawdz\u0105 si\u0119 lepiej ni\u017c szeroki stoj\u0105cy wieszak: wy\u017cej mo\u017cesz odwiesza\u0107 kurtki, ni\u017cej torby albo ubrania dzieci. W\u0105ska szafka na buty z uchylnymi frontami zajmie mniej miejsca ni\u017c klasyczny model z p\u00f3\u0142kami, a niewielka konsola mo\u017ce mie\u0107 pod spodem kosz na rzeczy u\u017cywane tylko w sezonie.<\/p>\n\n\n\n<p class=\"wp-block-paragraph\">Przy mokrej pogodzie przydaje si\u0119 te\u017c zapas miejsca na buty, kt\u00f3rych jeszcze nie chcesz schowa\u0107. Zamiast ustawia\u0107 je bezpo\u015brednio na pod\u0142odze, po\u0142\u00f3\u017c pod nimi \u0142atw\u0105 do umycia mat\u0119 (czy te\u017c ociekacz do but\u00f3w). B\u0142oto i woda zostan\u0105 w jednym miejscu, a pod\u0142oga nie b\u0119dzie wymaga\u0142a przecierania po ka\u017cdym powrocie.<\/p>\n\n\n\n<h3 class=\"wp-block-heading\">Kolory i materia\u0142y, kt\u00f3re ociepl\u0105 wn\u0119trze<\/h3>\n\n\n\n<p class=\"wp-block-paragraph\">Jesieni\u0105 warto wybiera\u0107 materia\u0142y, kt\u00f3re dobrze znosz\u0105 cz\u0119stsze czyszczenie. Przy wej\u015bciu lepiej sprawdzi si\u0119 kr\u00f3tki, g\u0119sty dywanik ni\u017c model z d\u0142ugim w\u0142osiem, w kt\u00f3rym szybko zatrzymaj\u0105 si\u0119 li\u015bcie, piasek i wilgo\u0107. Je\u015bli chcesz doda\u0107 pleciony kosz, wykorzystaj go na suche rzeczy \u2014 mokrych r\u0119kawiczek czy parasola lepiej do niego nie wk\u0142ada\u0107.<\/p>\n\n\n\n<p class=\"wp-block-paragraph\">Kolorystycznie ciekawszy efekt daje kilka g\u0142\u0119bszych akcent\u00f3w. Koniakowy br\u0105z na siedzisku, oliwkowy kosz, bordo na drobnym dodatku czy rdzawy dywanik wystarcz\u0105, \u017ceby zmieni\u0107 charakter wn\u0119trza. Przy w\u0105skim przedpokoju mo\u017cesz te\u017c wykorzysta\u0107 <a href=\"https:\/\/home-you.com\/pl\/c\/dekoracje\/dekoracje-scienne\/lustra\">lustro<\/a> na \u015bcianie naprzeciw drzwi \u2014 d\u0142ugi, pionowy model umieszczony przy wyj\u015bciu b\u0119dzie si\u0119 \u015bwietnie sprawdza\u0142 przy ostatnim spojrzeniu przed wyj\u015bciem, optycznie powi\u0119kszy przestrze\u0144 i nie zajmie miejsca potrzebnego na przechowywanie.<\/p>\n\n\n\n<figure class=\"wp-block-gallery has-nested-images columns-default is-cropped wp-block-gallery-2 is-layout-flex wp-block-gallery-is-layout-flex\">\n<figure class=\"wp-block-image size-large\"><img decoding=\"async\" width=\"1024\" height=\"1024\" data-id=\"5883\" src=\"https:\/\/home-you.com\/blog\/wp-content\/uploads\/2026\/09\/figurka-jarra-1024x1024.avif\" alt=\"figurka jarra w kszta\u0142cie zielonej dyni\" class=\"wp-image-5883\" srcset=\"https:\/\/home-you.com\/blog\/wp-content\/uploads\/2026\/09\/figurka-jarra-1024x1024.avif 1024w, https:\/\/home-you.com\/blog\/wp-content\/uploads\/2026\/09\/figurka-jarra-300x300.avif 300w, https:\/\/home-you.com\/blog\/wp-content\/uploads\/2026\/09\/figurka-jarra-150x150.avif 150w, https:\/\/home-you.com\/blog\/wp-content\/uploads\/2026\/09\/figurka-jarra-768x768.avif 768w, https:\/\/home-you.com\/blog\/wp-content\/uploads\/2026\/09\/figurka-jarra-24x24.avif 24w, https:\/\/home-you.com\/blog\/wp-content\/uploads\/2026\/09\/figurka-jarra-48x48.avif 48w, https:\/\/home-you.com\/blog\/wp-content\/uploads\/2026\/09\/figurka-jarra-96x96.avif 96w, https:\/\/home-you.com\/blog\/wp-content\/uploads\/2026\/09\/figurka-jarra.avif 1200w\" sizes=\"(max-width: 1024px) 100vw, 1024px\" \/><\/figure>\n\n\n\n<figure class=\"wp-block-image size-large\"><img decoding=\"async\" width=\"1024\" height=\"1024\" data-id=\"5882\" src=\"https:\/\/home-you.com\/blog\/wp-content\/uploads\/2026\/09\/obraz-canasaro-1024x1024.avif\" alt=\"obraz canasaro \" class=\"wp-image-5882\" srcset=\"https:\/\/home-you.com\/blog\/wp-content\/uploads\/2026\/09\/obraz-canasaro-1024x1024.avif 1024w, https:\/\/home-you.com\/blog\/wp-content\/uploads\/2026\/09\/obraz-canasaro-300x300.avif 300w, https:\/\/home-you.com\/blog\/wp-content\/uploads\/2026\/09\/obraz-canasaro-150x150.avif 150w, https:\/\/home-you.com\/blog\/wp-content\/uploads\/2026\/09\/obraz-canasaro-768x768.avif 768w, https:\/\/home-you.com\/blog\/wp-content\/uploads\/2026\/09\/obraz-canasaro-24x24.avif 24w, https:\/\/home-you.com\/blog\/wp-content\/uploads\/2026\/09\/obraz-canasaro-48x48.avif 48w, https:\/\/home-you.com\/blog\/wp-content\/uploads\/2026\/09\/obraz-canasaro-96x96.avif 96w, https:\/\/home-you.com\/blog\/wp-content\/uploads\/2026\/09\/obraz-canasaro.avif 1200w\" sizes=\"(max-width: 1024px) 100vw, 1024px\" \/><\/figure>\n\n\n\n<figure class=\"wp-block-image size-large\"><img loading=\"lazy\" decoding=\"async\" width=\"1024\" height=\"1024\" data-id=\"5884\" src=\"https:\/\/home-you.com\/blog\/wp-content\/uploads\/2026\/09\/lampion-brownito-1024x1024.avif\" alt=\"lampion brownito\" class=\"wp-image-5884\" srcset=\"https:\/\/home-you.com\/blog\/wp-content\/uploads\/2026\/09\/lampion-brownito-1024x1024.avif 1024w, https:\/\/home-you.com\/blog\/wp-content\/uploads\/2026\/09\/lampion-brownito-300x300.avif 300w, https:\/\/home-you.com\/blog\/wp-content\/uploads\/2026\/09\/lampion-brownito-150x150.avif 150w, https:\/\/home-you.com\/blog\/wp-content\/uploads\/2026\/09\/lampion-brownito-768x768.avif 768w, https:\/\/home-you.com\/blog\/wp-content\/uploads\/2026\/09\/lampion-brownito-24x24.avif 24w, https:\/\/home-you.com\/blog\/wp-content\/uploads\/2026\/09\/lampion-brownito-48x48.avif 48w, https:\/\/home-you.com\/blog\/wp-content\/uploads\/2026\/09\/lampion-brownito-96x96.avif 96w, https:\/\/home-you.com\/blog\/wp-content\/uploads\/2026\/09\/lampion-brownito.avif 1200w\" sizes=\"(max-width: 1024px) 100vw, 1024px\" \/><\/figure>\n<\/figure>\n\n\n\n<h2 class=\"wp-block-heading\">Jesienne dekoracje do przedpokoju<\/h2>\n\n\n\n<p class=\"wp-block-paragraph\">Jesienne dekoracje w przedpokoju najlepiej planowa\u0107 tam, gdzie i tak masz ju\u017c woln\u0105 powierzchni\u0119: na komodzie, konsoli, p\u00f3\u0142ce albo siedzisku. Dzi\u0119ki temu nie dok\u0142adamy kolejnych rzeczy do przej\u015bcia, co szczeg\u00f3lnie wa\u017cne, je\u015bli urz\u0105dzasz przedpok\u00f3j w bloku albo w\u0105ski korytarz. W praktyce lepiej sprawdzi si\u0119 jedna dobrze skomponowana dekoracja ni\u017c kilka drobiazg\u00f3w rozstawionych po ca\u0142ym wn\u0119trzu.<\/p>\n\n\n\n<p class=\"wp-block-paragraph\">Je\u015bli masz nowoczesny przedpok\u00f3j, postaw na prostsze formy i ograniczon\u0105 palet\u0119 kolor\u00f3w. W przedpokoju w stylu skandynawskim dobrze zadzia\u0142aj\u0105 drewno, szk\u0142o, ceramika i jasne tkaniny, a przy bardziej eleganckim wystroju mo\u017cesz si\u0119gn\u0105\u0107 po metaliczne akcenty, ciemniejsze szk\u0142o albo dodatki w stylu glamour. Warto trzyma\u0107 si\u0119 tego, co ju\u017c masz we wn\u0119trzu, zamiast wprowadza\u0107 ca\u0142kiem nowy styl tylko na jeden sezon.<\/p>\n\n\n\n<h3 class=\"wp-block-heading\">Lampiony, \u015bwiece i sezonowe dodatki<\/h3>\n\n\n\n<p class=\"wp-block-paragraph\"><a href=\"https:\/\/home-you.com\/pl\/c\/dekoracje\/dekoracje-domowe\/lampiony\">Lampion<\/a> albo \u015bwiecznik najlepiej ustawi\u0107 na komodzie lub konsoli, z dala od kurtek i szalik\u00f3w. Je\u015bli przedpok\u00f3j jest bardzo ma\u0142y, zamiast du\u017cego lampionu wybierz niski \u015bwiecznik, dekoracyjn\u0105 lampk\u0119 LED albo ma\u0142\u0105 tac\u0119 ze \u015bwiec\u0105 i jednym dodatkiem. Taki uk\u0142ad zajmuje mniej miejsca i nie wygl\u0105da ci\u0119\u017cko.<\/p>\n\n\n\n<p class=\"wp-block-paragraph\">W nowoczesnym przedpokoju dobrze sprawdz\u0105 si\u0119 proste \u015bwieczniki ze szk\u0142a lub metalu, a w bardziej mi\u0119kkiej aran\u017cacji mo\u017cesz wybra\u0107 ceramik\u0119 albo drewno. Je\u015bli zale\u017cy Ci na stylowym efekcie, powt\u00f3rz materia\u0142, kt\u00f3ry ju\u017c pojawia si\u0119 w meblach albo uchwytach. Czarny metal, drewno, z\u0142oto czy matowa ceramika mog\u0105 pojawi\u0107 si\u0119 w jednym lub dw\u00f3ch miejscach i dzi\u0119ki temu ca\u0142o\u015b\u0107 wygl\u0105da sp\u00f3jniej.<\/p>\n\n\n\n<p class=\"wp-block-paragraph\">Dobrym pomys\u0142em jest te\u017c ma\u0142y element dekoracyjny na tacy: <a href=\"https:\/\/home-you.com\/pl\/c\/dekoracje\/dekoracje-domowe\/swieczki-zapachowe\">\u015bwieca<\/a>, mini wazon i ga\u0142\u0105zka. Taka kompozycja jest \u0142atwa do przestawienia, je\u015bli potrzebujesz dodatkowego miejsca na klucze, torb\u0119 czy inne rzeczy odk\u0142adane po wej\u015bciu.<\/p>\n\n\n\n<h3 class=\"wp-block-heading\">Dynie, ga\u0142\u0105zki i tekstylia<\/h3>\n\n\n\n<p class=\"wp-block-paragraph\">Je\u015bli chcesz bardziej spokojny efekt, wybierz jedn\u0105 wi\u0119ksz\u0105 <a href=\"https:\/\/home-you.com\/pl\/c\/dekoracje\/dekoracje-domowe\/figurki\">dyni\u0119<\/a> w ciekawym kolorze i ustaw j\u0105 na konsoli lub pod ni\u0105, je\u015bli masz wi\u0119cej miejsca. Przy ma\u0142ym przedpokoju lepiej sprawdz\u0105 si\u0119 mniejsze modele ustawione wy\u017cej, \u017ceby nie zabiera\u0107 przestrzeni na pod\u0142odze.<\/p>\n\n\n\n<p class=\"wp-block-paragraph\">Ga\u0142\u0105zki z li\u015b\u0107mi, jarz\u0119bin\u0105 albo suszonymi trawami mo\u017cesz w\u0142o\u017cy\u0107 do wysokiego <a href=\"https:\/\/home-you.com\/pl\/c\/dekoracje\/dekoracje-domowe\/wazony\">wazonu<\/a>. W w\u0105skim wn\u0119trzu wybierz raczej smuk\u0142y model ni\u017c szerok\u0105 mis\u0119, kt\u00f3ra \u0142atwo zabierze potrzebny fragment blatu. Je\u015bli na \u015bcianie masz ju\u017c tapet\u0119 albo mocny wz\u00f3r, dekoracje powinny by\u0107 prostsze, \u017ceby ca\u0142o\u015b\u0107 nie zrobi\u0142a si\u0119 zbyt ci\u0119\u017cka.<\/p>\n\n\n\n<p class=\"wp-block-paragraph\">Tekstylia najlepiej wprowadza\u0107 tam, gdzie maj\u0105 te\u017c funkcj\u0119 praktyczn\u0105. Poduszka na siedzisku, kr\u00f3tki dywanik albo ma\u0142y pled przewieszony przez \u0142awk\u0119 mog\u0105 doda\u0107 koloru i faktury. Przy jesiennej aran\u017cacji dobrze sprawdz\u0105 si\u0119 br\u0105zy, oliwka, bordo, rdzawy pomara\u0144cz i zgaszone be\u017ce, szczeg\u00f3lnie je\u015bli wi\u0119ksze powierzchnie pozostaj\u0105 w jasnych kolorach.<\/p>\n\n\n\n<h3 class=\"wp-block-heading\">Dekoracje \u015bcienne w ma\u0142ym przedpokoju<\/h3>\n\n\n\n<p class=\"wp-block-paragraph\">Je\u015bli brakuje Ci miejsca na komodzie albo w og\u00f3le jej nie masz, wykorzystaj \u015bciany w przedpokoju. Mo\u017cesz powiesi\u0107 ma\u0142e lustro dekoracyjne, p\u00f3\u0142k\u0119 na sezonow\u0105 ozdob\u0119, lekki wieniec albo <a href=\"https:\/\/home-you.com\/pl\/c\/dekoracje\/dekoracje-scienne\">udekorowa\u0107 \u015bcian\u0119 grafikami<\/a> \u2014 zajm\u0105 mniej miejsca ni\u017c dekoracje stoj\u0105ce.<\/p>\n\n\n\n<p class=\"wp-block-paragraph\">W przypadku ma\u0142ego przedpokoju lepiej wybiera\u0107 jeden wi\u0119kszy akcent ni\u017c kilka drobnych ramek czy ozd\u00f3b. Du\u017cy plakat, lustro albo pojedyncza p\u00f3\u0142ka wygl\u0105daj\u0105 spokojniej i sp\u00f3jniej. To szczeg\u00f3lnie przydatne, je\u015bli chcesz urz\u0105dzi\u0107 przedpok\u00f3j w bardziej uporz\u0105dkowany, nowoczesny spos\u00f3b.<\/p>\n\n\n\n<h2 class=\"wp-block-heading\">Przytulny i funkcjonalny przedpok\u00f3j na jesie\u0144: inspiracje i pomys\u0142y<\/h2>\n\n\n\n<p class=\"wp-block-paragraph\">Jesienny przedpok\u00f3j najlepiej planowa\u0107 tak, \u017ceby codzienne rzeczy mia\u0142y swoje miejsce, a dekoracje nie utrudnia\u0142y korzystania z przestrzeni. Warto wi\u0119c potraktowa\u0107 funkcjonalno\u015b\u0107 jako baz\u0119, a sezonowe dodatki do\u0142o\u017cy\u0107 dopiero tam, gdzie masz na nie miejsce.<\/p>\n\n\n\n<p class=\"wp-block-paragraph\">W ma\u0142ym przedpokoju wystarczy cz\u0119sto jedna p\u00f3\u0142ka albo konsola, na kt\u00f3rej ustawisz lampion, niewielk\u0105 dyni\u0119, \u015bwiecznik czy wazon z ga\u0142\u0105zkami. Przy wi\u0119kszym metra\u017cu mo\u017cesz doda\u0107 tak\u017ce kosz, siedzisko z poduszk\u0105 albo wi\u0119ksz\u0105 sezonow\u0105 kompozycj\u0119.<\/p>\n\n\n\n<h3 class=\"wp-block-heading\">Funkcja i dekoracje powinny i\u015b\u0107 obok siebie<\/h3>\n\n\n\n<p class=\"wp-block-paragraph\">W praktyce dobrze sprawdzaj\u0105 si\u0119 dodatki, kt\u00f3re nie zabieraj\u0105 potrzebnego miejsca: dekoracja \u015bcienna, lustro, ma\u0142a taca na konsoli, tekstylia na siedzisku czy pojedynczy element dekoracyjny na komodzie. Dzi\u0119ki temu nadal masz wygodne miejsce do przechowywania, a przedpok\u00f3j nie wygl\u0105da czysto u\u017cytkowo.<\/p>\n\n\n\n<p class=\"wp-block-paragraph\">Nie trzeba te\u017c dekorowa\u0107 wszystkiego naraz. Jedna dynia, kilka ga\u0142\u0105zek, ciep\u0142y lampion i jesienny dywanik mog\u0105 w zupe\u0142no\u015bci wystarczy\u0107. Najwa\u017cniejsze, \u017ceby po wej\u015bciu do domu by\u0142o gdzie odstawi\u0107 mokre buty, odwiesi\u0107 kurtk\u0119 i parasol, a obok tego zobaczy\u0107 kilka rzeczy, kt\u00f3re od razu przypominaj\u0105, \u017ce jesie\u0144 w\u0142a\u015bnie rozgo\u015bci\u0142a si\u0119 na dobre.<\/p>\n","protected":false},"excerpt":{"rendered":"<p>Jesieni\u0105 najwi\u0119cej zamieszania robi nie liczba rzeczy, ale wilgo\u0107. Mokra kurtka trafia na wieszak, parasol kapie na pod\u0142og\u0119, a buty po spacerze potrzebuj\u0105 chwili, zanim schowasz je do szafki. Je\u015bli wszystko od razu znika za zamkni\u0119tymi frontami, \u0142atwo o nieprzyjemny zapach i wilgo\u0107 wewn\u0105trz mebli. Dlatego przed sezonem warto przygotowa\u0107 przedpok\u00f3j troch\u0119 inaczej ni\u017c latem. [&hellip;]<\/p>\n","protected":false},"author":11,"featured_media":5886,"comment_status":"open","ping_status":"open","sticky":false,"template":"","format":"standard","meta":{"_acf_changed":false,"inline_featured_image":false,"footnotes":""},"categories":[6,5],"tags":[79,15,37,69,17,18],"class_list":["post-5879","post","type-post","status-publish","format-standard","has-post-thumbnail","hentry","category-inspiracje","category-nowosci","tag-dekoracje-na-jesien","tag-inspiracje","tag-jesien","tag-jesienne-dekoracje","tag-porady","tag-wnetrze"],"acf":[],"yoast_head":"<!-- This site is optimized with the Yoast SEO plugin v28.3 - https:\/\/yoast.com\/product\/yoast-seo-wordpress\/ -->\n<title>Jak urz\u0105dzi\u0107 przytulny przedpok\u00f3j na jesie\u0144? Pomys\u0142y na aran\u017cacj\u0119 - home&amp;you - blog<\/title>\n<meta name=\"description\" content=\"Poczuj jesienn\u0105 atmosfer\u0119 ju\u017c od progu. Dowiedz si\u0119, jak urz\u0105dzi\u0107 przedpok\u00f3j w bloku i jak stworzy\u0107 stylow\u0105 aran\u017cacj\u0119 z pomoc\u0105 dekoracji i dodatk\u00f3w!\" \/>\n<meta name=\"robots\" content=\"index, follow, max-snippet:-1, max-image-preview:large, max-video-preview:-1\" \/>\n<link rel=\"canonical\" href=\"https:\/\/home-you.com\/blog\/jak-urzadzic-przytulny-przedpokoj-na-jesien-pomysly-na-aranzacje\/\" \/>\n<meta property=\"og:locale\" content=\"pl_PL\" \/>\n<meta property=\"og:type\" content=\"article\" \/>\n<meta property=\"og:title\" content=\"Jak urz\u0105dzi\u0107 przytulny przedpok\u00f3j na jesie\u0144? Pomys\u0142y na aran\u017cacj\u0119 - home&amp;you - blog\" \/>\n<meta property=\"og:description\" content=\"Poczuj jesienn\u0105 atmosfer\u0119 ju\u017c od progu. Dowiedz si\u0119, jak urz\u0105dzi\u0107 przedpok\u00f3j w bloku i jak stworzy\u0107 stylow\u0105 aran\u017cacj\u0119 z pomoc\u0105 dekoracji i dodatk\u00f3w!\" \/>\n<meta property=\"og:url\" content=\"https:\/\/home-you.com\/blog\/jak-urzadzic-przytulny-przedpokoj-na-jesien-pomysly-na-aranzacje\/\" \/>\n<meta property=\"og:site_name\" content=\"home&amp;you - blog\" \/>\n<meta property=\"article:publisher\" content=\"https:\/\/www.facebook.com\/homeandyouofficial\/\" \/>\n<meta property=\"article:published_time\" content=\"2026-09-04T14:16:34+00:00\" \/>\n<meta name=\"author\" content=\"Iwona Wi\u015bniewska\" \/>\n<meta name=\"twitter:card\" content=\"summary_large_image\" \/>\n<meta name=\"twitter:label1\" content=\"Napisane przez\" \/>\n\t<meta name=\"twitter:data1\" content=\"Iwona Wi\u015bniewska\" \/>\n\t<meta name=\"twitter:label2\" content=\"Szacowany czas czytania\" \/>\n\t<meta name=\"twitter:data2\" content=\"8 minut\" \/>\n<script type=\"application\/ld+json\" class=\"yoast-schema-graph\">{\"@context\":\"https:\\\/\\\/schema.org\",\"@graph\":[{\"@type\":\"Article\",\"@id\":\"https:\\\/\\\/home-you.com\\\/blog\\\/jak-urzadzic-przytulny-przedpokoj-na-jesien-pomysly-na-aranzacje\\\/#article\",\"isPartOf\":{\"@id\":\"https:\\\/\\\/home-you.com\\\/blog\\\/jak-urzadzic-przytulny-przedpokoj-na-jesien-pomysly-na-aranzacje\\\/\"},\"author\":{\"name\":\"Iwona Wi\u015bniewska\",\"@id\":\"https:\\\/\\\/home-you.com\\\/blog\\\/#\\\/schema\\\/person\\\/07730ffc070805ea0f83b99c4ecb863f\"},\"headline\":\"Jak urz\u0105dzi\u0107 przytulny przedpok\u00f3j na jesie\u0144? Pomys\u0142y na aran\u017cacj\u0119\",\"datePublished\":\"2026-09-04T14:16:34+00:00\",\"mainEntityOfPage\":{\"@id\":\"https:\\\/\\\/home-you.com\\\/blog\\\/jak-urzadzic-przytulny-przedpokoj-na-jesien-pomysly-na-aranzacje\\\/\"},\"wordCount\":1252,\"commentCount\":0,\"publisher\":{\"@id\":\"https:\\\/\\\/home-you.com\\\/blog\\\/#organization\"},\"image\":{\"@id\":\"https:\\\/\\\/home-you.com\\\/blog\\\/jak-urzadzic-przytulny-przedpokoj-na-jesien-pomysly-na-aranzacje\\\/#primaryimage\"},\"thumbnailUrl\":\"https:\\\/\\\/home-you.com\\\/blog\\\/wp-content\\\/uploads\\\/2026\\\/09\\\/jesienny-przedpokoj.avif\",\"keywords\":[\"dekoracje na jesie\u0144\",\"inspiracje\",\"jesie\u0144\",\"jesienne dekoracje\",\"porady\",\"wn\u0119trze\"],\"articleSection\":[\"Inspiracje\",\"Nowo\u015bci\"],\"inLanguage\":\"pl-PL\",\"potentialAction\":[{\"@type\":\"CommentAction\",\"name\":\"Comment\",\"target\":[\"https:\\\/\\\/home-you.com\\\/blog\\\/jak-urzadzic-przytulny-przedpokoj-na-jesien-pomysly-na-aranzacje\\\/#respond\"]}]},{\"@type\":\"WebPage\",\"@id\":\"https:\\\/\\\/home-you.com\\\/blog\\\/jak-urzadzic-przytulny-przedpokoj-na-jesien-pomysly-na-aranzacje\\\/\",\"url\":\"https:\\\/\\\/home-you.com\\\/blog\\\/jak-urzadzic-przytulny-przedpokoj-na-jesien-pomysly-na-aranzacje\\\/\",\"name\":\"Jak urz\u0105dzi\u0107 przytulny przedpok\u00f3j na jesie\u0144? Pomys\u0142y na aran\u017cacj\u0119 - home&amp;you - blog\",\"isPartOf\":{\"@id\":\"https:\\\/\\\/home-you.com\\\/blog\\\/#website\"},\"primaryImageOfPage\":{\"@id\":\"https:\\\/\\\/home-you.com\\\/blog\\\/jak-urzadzic-przytulny-przedpokoj-na-jesien-pomysly-na-aranzacje\\\/#primaryimage\"},\"image\":{\"@id\":\"https:\\\/\\\/home-you.com\\\/blog\\\/jak-urzadzic-przytulny-przedpokoj-na-jesien-pomysly-na-aranzacje\\\/#primaryimage\"},\"thumbnailUrl\":\"https:\\\/\\\/home-you.com\\\/blog\\\/wp-content\\\/uploads\\\/2026\\\/09\\\/jesienny-przedpokoj.avif\",\"datePublished\":\"2026-09-04T14:16:34+00:00\",\"description\":\"Poczuj jesienn\u0105 atmosfer\u0119 ju\u017c od progu. Dowiedz si\u0119, jak urz\u0105dzi\u0107 przedpok\u00f3j w bloku i jak stworzy\u0107 stylow\u0105 aran\u017cacj\u0119 z pomoc\u0105 dekoracji i dodatk\u00f3w!\",\"breadcrumb\":{\"@id\":\"https:\\\/\\\/home-you.com\\\/blog\\\/jak-urzadzic-przytulny-przedpokoj-na-jesien-pomysly-na-aranzacje\\\/#breadcrumb\"},\"inLanguage\":\"pl-PL\",\"potentialAction\":[{\"@type\":\"ReadAction\",\"target\":[\"https:\\\/\\\/home-you.com\\\/blog\\\/jak-urzadzic-przytulny-przedpokoj-na-jesien-pomysly-na-aranzacje\\\/\"]}]},{\"@type\":\"ImageObject\",\"inLanguage\":\"pl-PL\",\"@id\":\"https:\\\/\\\/home-you.com\\\/blog\\\/jak-urzadzic-przytulny-przedpokoj-na-jesien-pomysly-na-aranzacje\\\/#primaryimage\",\"url\":\"https:\\\/\\\/home-you.com\\\/blog\\\/wp-content\\\/uploads\\\/2026\\\/09\\\/jesienny-przedpokoj.avif\",\"contentUrl\":\"https:\\\/\\\/home-you.com\\\/blog\\\/wp-content\\\/uploads\\\/2026\\\/09\\\/jesienny-przedpokoj.avif\",\"width\":1448,\"height\":1086,\"caption\":\"jesienne dekoracje na konsoli w przedpokoju\"},{\"@type\":\"BreadcrumbList\",\"@id\":\"https:\\\/\\\/home-you.com\\\/blog\\\/jak-urzadzic-przytulny-przedpokoj-na-jesien-pomysly-na-aranzacje\\\/#breadcrumb\",\"itemListElement\":[{\"@type\":\"ListItem\",\"position\":1,\"name\":\"Blog\",\"item\":\"https:\\\/\\\/home-you.com\\\/blog\\\/\"},{\"@type\":\"ListItem\",\"position\":2,\"name\":\"Inspiracje\",\"item\":\"https:\\\/\\\/home-you.com\\\/blog\\\/inspiracje\\\/\"},{\"@type\":\"ListItem\",\"position\":3,\"name\":\"Jak urz\u0105dzi\u0107 przytulny przedpok\u00f3j na jesie\u0144? Pomys\u0142y na aran\u017cacj\u0119\"}]},{\"@type\":\"WebSite\",\"@id\":\"https:\\\/\\\/home-you.com\\\/blog\\\/#website\",\"url\":\"https:\\\/\\\/home-you.com\\\/blog\\\/\",\"name\":\"home&you - blog\",\"description\":\"Odkryj stylowe inspiracje i porady wn\u0119trzarskie\",\"publisher\":{\"@id\":\"https:\\\/\\\/home-you.com\\\/blog\\\/#organization\"},\"potentialAction\":[{\"@type\":\"SearchAction\",\"target\":{\"@type\":\"EntryPoint\",\"urlTemplate\":\"https:\\\/\\\/home-you.com\\\/blog\\\/?s={search_term_string}\"},\"query-input\":{\"@type\":\"PropertyValueSpecification\",\"valueRequired\":true,\"valueName\":\"search_term_string\"}}],\"inLanguage\":\"pl-PL\"},{\"@type\":\"Organization\",\"@id\":\"https:\\\/\\\/home-you.com\\\/blog\\\/#organization\",\"name\":\"home&you\",\"url\":\"https:\\\/\\\/home-you.com\\\/blog\\\/\",\"logo\":{\"@type\":\"ImageObject\",\"inLanguage\":\"pl-PL\",\"@id\":\"https:\\\/\\\/home-you.com\\\/blog\\\/#\\\/schema\\\/logo\\\/image\\\/\",\"url\":\"https:\\\/\\\/home-you.com\\\/blog\\\/wp-content\\\/uploads\\\/2024\\\/10\\\/logo-home-and-you-czarne.svg\",\"contentUrl\":\"https:\\\/\\\/home-you.com\\\/blog\\\/wp-content\\\/uploads\\\/2024\\\/10\\\/logo-home-and-you-czarne.svg\",\"width\":104,\"height\":24,\"caption\":\"home&you\"},\"image\":{\"@id\":\"https:\\\/\\\/home-you.com\\\/blog\\\/#\\\/schema\\\/logo\\\/image\\\/\"},\"sameAs\":[\"https:\\\/\\\/www.facebook.com\\\/homeandyouofficial\\\/\",\"https:\\\/\\\/www.instagram.com\\\/homeandyou_official\\\/\"]},{\"@type\":\"Person\",\"@id\":\"https:\\\/\\\/home-you.com\\\/blog\\\/#\\\/schema\\\/person\\\/07730ffc070805ea0f83b99c4ecb863f\",\"name\":\"Iwona Wi\u015bniewska\",\"image\":{\"@type\":\"ImageObject\",\"inLanguage\":\"pl-PL\",\"@id\":\"https:\\\/\\\/home-you.com\\\/blog\\\/wp-content\\\/uploads\\\/2024\\\/10\\\/logo-home-and-you-96x96.png\",\"url\":\"https:\\\/\\\/home-you.com\\\/blog\\\/wp-content\\\/uploads\\\/2024\\\/10\\\/logo-home-and-you-96x96.png\",\"contentUrl\":\"https:\\\/\\\/home-you.com\\\/blog\\\/wp-content\\\/uploads\\\/2024\\\/10\\\/logo-home-and-you-96x96.png\",\"caption\":\"Iwona Wi\u015bniewska\"},\"url\":\"https:\\\/\\\/home-you.com\\\/blog\\\/author\\\/iwisniewska\\\/\"}]}<\/script>\n<!-- \/ Yoast SEO plugin. -->","yoast_head_json":{"title":"Jak urz\u0105dzi\u0107 przytulny przedpok\u00f3j na jesie\u0144? Pomys\u0142y na aran\u017cacj\u0119 - home&amp;you - blog","description":"Poczuj jesienn\u0105 atmosfer\u0119 ju\u017c od progu. Dowiedz si\u0119, jak urz\u0105dzi\u0107 przedpok\u00f3j w bloku i jak stworzy\u0107 stylow\u0105 aran\u017cacj\u0119 z pomoc\u0105 dekoracji i dodatk\u00f3w!","robots":{"index":"index","follow":"follow","max-snippet":"max-snippet:-1","max-image-preview":"max-image-preview:large","max-video-preview":"max-video-preview:-1"},"canonical":"https:\/\/home-you.com\/blog\/jak-urzadzic-przytulny-przedpokoj-na-jesien-pomysly-na-aranzacje\/","og_locale":"pl_PL","og_type":"article","og_title":"Jak urz\u0105dzi\u0107 przytulny przedpok\u00f3j na jesie\u0144? Pomys\u0142y na aran\u017cacj\u0119 - home&amp;you - blog","og_description":"Poczuj jesienn\u0105 atmosfer\u0119 ju\u017c od progu. Dowiedz si\u0119, jak urz\u0105dzi\u0107 przedpok\u00f3j w bloku i jak stworzy\u0107 stylow\u0105 aran\u017cacj\u0119 z pomoc\u0105 dekoracji i dodatk\u00f3w!","og_url":"https:\/\/home-you.com\/blog\/jak-urzadzic-przytulny-przedpokoj-na-jesien-pomysly-na-aranzacje\/","og_site_name":"home&amp;you - blog","article_publisher":"https:\/\/www.facebook.com\/homeandyouofficial\/","article_published_time":"2026-09-04T14:16:34+00:00","author":"Iwona Wi\u015bniewska","twitter_card":"summary_large_image","twitter_misc":{"Napisane przez":"Iwona Wi\u015bniewska","Szacowany czas czytania":"8 minut"},"schema":{"@context":"https:\/\/schema.org","@graph":[{"@type":"Article","@id":"https:\/\/home-you.com\/blog\/jak-urzadzic-przytulny-przedpokoj-na-jesien-pomysly-na-aranzacje\/#article","isPartOf":{"@id":"https:\/\/home-you.com\/blog\/jak-urzadzic-przytulny-przedpokoj-na-jesien-pomysly-na-aranzacje\/"},"author":{"name":"Iwona Wi\u015bniewska","@id":"https:\/\/home-you.com\/blog\/#\/schema\/person\/07730ffc070805ea0f83b99c4ecb863f"},"headline":"Jak urz\u0105dzi\u0107 przytulny przedpok\u00f3j na jesie\u0144? Pomys\u0142y na aran\u017cacj\u0119","datePublished":"2026-09-04T14:16:34+00:00","mainEntityOfPage":{"@id":"https:\/\/home-you.com\/blog\/jak-urzadzic-przytulny-przedpokoj-na-jesien-pomysly-na-aranzacje\/"},"wordCount":1252,"commentCount":0,"publisher":{"@id":"https:\/\/home-you.com\/blog\/#organization"},"image":{"@id":"https:\/\/home-you.com\/blog\/jak-urzadzic-przytulny-przedpokoj-na-jesien-pomysly-na-aranzacje\/#primaryimage"},"thumbnailUrl":"https:\/\/home-you.com\/blog\/wp-content\/uploads\/2026\/09\/jesienny-przedpokoj.avif","keywords":["dekoracje na jesie\u0144","inspiracje","jesie\u0144","jesienne dekoracje","porady","wn\u0119trze"],"articleSection":["Inspiracje","Nowo\u015bci"],"inLanguage":"pl-PL","potentialAction":[{"@type":"CommentAction","name":"Comment","target":["https:\/\/home-you.com\/blog\/jak-urzadzic-przytulny-przedpokoj-na-jesien-pomysly-na-aranzacje\/#respond"]}]},{"@type":"WebPage","@id":"https:\/\/home-you.com\/blog\/jak-urzadzic-przytulny-przedpokoj-na-jesien-pomysly-na-aranzacje\/","url":"https:\/\/home-you.com\/blog\/jak-urzadzic-przytulny-przedpokoj-na-jesien-pomysly-na-aranzacje\/","name":"Jak urz\u0105dzi\u0107 przytulny przedpok\u00f3j na jesie\u0144? Pomys\u0142y na aran\u017cacj\u0119 - home&amp;you - blog","isPartOf":{"@id":"https:\/\/home-you.com\/blog\/#website"},"primaryImageOfPage":{"@id":"https:\/\/home-you.com\/blog\/jak-urzadzic-przytulny-przedpokoj-na-jesien-pomysly-na-aranzacje\/#primaryimage"},"image":{"@id":"https:\/\/home-you.com\/blog\/jak-urzadzic-przytulny-przedpokoj-na-jesien-pomysly-na-aranzacje\/#primaryimage"},"thumbnailUrl":"https:\/\/home-you.com\/blog\/wp-content\/uploads\/2026\/09\/jesienny-przedpokoj.avif","datePublished":"2026-09-04T14:16:34+00:00","description":"Poczuj jesienn\u0105 atmosfer\u0119 ju\u017c od progu. Dowiedz si\u0119, jak urz\u0105dzi\u0107 przedpok\u00f3j w bloku i jak stworzy\u0107 stylow\u0105 aran\u017cacj\u0119 z pomoc\u0105 dekoracji i dodatk\u00f3w!","breadcrumb":{"@id":"https:\/\/home-you.com\/blog\/jak-urzadzic-przytulny-przedpokoj-na-jesien-pomysly-na-aranzacje\/#breadcrumb"},"inLanguage":"pl-PL","potentialAction":[{"@type":"ReadAction","target":["https:\/\/home-you.com\/blog\/jak-urzadzic-przytulny-przedpokoj-na-jesien-pomysly-na-aranzacje\/"]}]},{"@type":"ImageObject","inLanguage":"pl-PL","@id":"https:\/\/home-you.com\/blog\/jak-urzadzic-przytulny-przedpokoj-na-jesien-pomysly-na-aranzacje\/#primaryimage","url":"https:\/\/home-you.com\/blog\/wp-content\/uploads\/2026\/09\/jesienny-przedpokoj.avif","contentUrl":"https:\/\/home-you.com\/blog\/wp-content\/uploads\/2026\/09\/jesienny-przedpokoj.avif","width":1448,"height":1086,"caption":"jesienne dekoracje na konsoli w przedpokoju"},{"@type":"BreadcrumbList","@id":"https:\/\/home-you.com\/blog\/jak-urzadzic-przytulny-przedpokoj-na-jesien-pomysly-na-aranzacje\/#breadcrumb","itemListElement":[{"@type":"ListItem","position":1,"name":"Blog","item":"https:\/\/home-you.com\/blog\/"},{"@type":"ListItem","position":2,"name":"Inspiracje","item":"https:\/\/home-you.com\/blog\/inspiracje\/"},{"@type":"ListItem","position":3,"name":"Jak urz\u0105dzi\u0107 przytulny przedpok\u00f3j na jesie\u0144? Pomys\u0142y na aran\u017cacj\u0119"}]},{"@type":"WebSite","@id":"https:\/\/home-you.com\/blog\/#website","url":"https:\/\/home-you.com\/blog\/","name":"home&you - blog","description":"Odkryj stylowe inspiracje i porady wn\u0119trzarskie","publisher":{"@id":"https:\/\/home-you.com\/blog\/#organization"},"potentialAction":[{"@type":"SearchAction","target":{"@type":"EntryPoint","urlTemplate":"https:\/\/home-you.com\/blog\/?s={search_term_string}"},"query-input":{"@type":"PropertyValueSpecification","valueRequired":true,"valueName":"search_term_string"}}],"inLanguage":"pl-PL"},{"@type":"Organization","@id":"https:\/\/home-you.com\/blog\/#organization","name":"home&you","url":"https:\/\/home-you.com\/blog\/","logo":{"@type":"ImageObject","inLanguage":"pl-PL","@id":"https:\/\/home-you.com\/blog\/#\/schema\/logo\/image\/","url":"https:\/\/home-you.com\/blog\/wp-content\/uploads\/2024\/10\/logo-home-and-you-czarne.svg","contentUrl":"https:\/\/home-you.com\/blog\/wp-content\/uploads\/2024\/10\/logo-home-and-you-czarne.svg","width":104,"height":24,"caption":"home&you"},"image":{"@id":"https:\/\/home-you.com\/blog\/#\/schema\/logo\/image\/"},"sameAs":["https:\/\/www.facebook.com\/homeandyouofficial\/","https:\/\/www.instagram.com\/homeandyou_official\/"]},{"@type":"Person","@id":"https:\/\/home-you.com\/blog\/#\/schema\/person\/07730ffc070805ea0f83b99c4ecb863f","name":"Iwona Wi\u015bniewska","image":{"@type":"ImageObject","inLanguage":"pl-PL","@id":"https:\/\/home-you.com\/blog\/wp-content\/uploads\/2024\/10\/logo-home-and-you-96x96.png","url":"https:\/\/home-you.com\/blog\/wp-content\/uploads\/2024\/10\/logo-home-and-you-96x96.png","contentUrl":"https:\/\/home-you.com\/blog\/wp-content\/uploads\/2024\/10\/logo-home-and-you-96x96.png","caption":"Iwona Wi\u015bniewska"},"url":"https:\/\/home-you.com\/blog\/author\/iwisniewska\/"}]}},"_links":{"self":[{"href":"https:\/\/home-you.com\/blog\/wp-json\/wp\/v2\/posts\/5879","targetHints":{"allow":["GET"]}}],"collection":[{"href":"https:\/\/home-you.com\/blog\/wp-json\/wp\/v2\/posts"}],"about":[{"href":"https:\/\/home-you.com\/blog\/wp-json\/wp\/v2\/types\/post"}],"author":[{"embeddable":true,"href":"https:\/\/home-you.com\/blog\/wp-json\/wp\/v2\/users\/11"}],"replies":[{"embeddable":true,"href":"https:\/\/home-you.com\/blog\/wp-json\/wp\/v2\/comments?post=5879"}],"version-history":[{"count":3,"href":"https:\/\/home-you.com\/blog\/wp-json\/wp\/v2\/posts\/5879\/revisions"}],"predecessor-version":[{"id":5887,"href":"https:\/\/home-you.com\/blog\/wp-json\/wp\/v2\/posts\/5879\/revisions\/5887"}],"wp:featuredmedia":[{"embeddable":true,"href":"https:\/\/home-you.com\/blog\/wp-json\/wp\/v2\/media\/5886"}],"wp:attachment":[{"href":"https:\/\/home-you.com\/blog\/wp-json\/wp\/v2\/media?parent=5879"}],"wp:term":[{"taxonomy":"category","embeddable":true,"href":"https:\/\/home-you.com\/blog\/wp-json\/wp\/v2\/categories?post=5879"},{"taxonomy":"post_tag","embeddable":true,"href":"https:\/\/home-you.com\/blog\/wp-json\/wp\/v2\/tags?post=5879"}],"curies":[{"name":"wp","href":"https:\/\/api.w.org\/{rel}","templated":true}]}}